{"id":1296,"date":"2021-04-23T18:00:02","date_gmt":"2021-04-23T18:00:02","guid":{"rendered":"http:\/\/scma-cbt.com\/?p=1296"},"modified":"2021-05-10T18:19:06","modified_gmt":"2021-05-10T18:19:06","slug":"convocatoria-assembleia-geral-15-de-maio","status":"publish","type":"post","link":"https:\/\/scma-cbt.com\/?p=1296","title":{"rendered":"Convocat\u00f3ria Assembleia Geral &#8211; 15 de Maio"},"content":{"rendered":"\n<p style=\"text-align:center\"><strong>Assembleia-Geral Ordin\u00e1ria<\/strong><\/p>\n\n\n\n<p style=\"text-align:center\"><strong>Convocat\u00f3ria<\/strong><\/p>\n\n\n\n<p>Nos termos do disposto nos artigos 20.\u00ba \u00a7 1.\u00ba, artigo 21.\u00ba \u00a71 al\u00ednea c), 22.\u00ba \u00a7 2\u00ba al\u00ednea b) e 23.\u00ba do Compromisso, convoco os Irm\u00e3os desta Irmandade da Santa Casa da Miseric\u00f3rdia de S\u00e3o Bento de Arnoia para a Assembleia Geral Ordin\u00e1ria, que se realizar\u00e1 na sede da Institui\u00e7\u00e3o, nos seus claustros, no Lugar do Mosteiro, da freguesia de Arnoia, pelas 14:30 horas do dia 15 de maio de 2021, com a seguinte Ordem de Trabalhos:<\/p>\n\n\n\n<p><strong>Ponto \u00fanico: <\/strong>Aprecia\u00e7\u00e3o, discuss\u00e3o e aprova\u00e7\u00e3o do Relat\u00f3rio de Atividades e Contas do Exerc\u00edcio de 2020 e do Parecer do Conselho Fiscal.<\/p>\n\n\n\n<p>Se \u00e0 hora marcada a Assembleia n\u00e3o puder realizar-se por falta de maioria legal, a reuni\u00e3o ter\u00e1 lugar meia hora depois, com a presen\u00e7a de qualquer n\u00famero de irm\u00e3os.<\/p>\n\n\n\n<p>Arnoia, Celorico de Basto, 22 de abril de 2021.<\/p>\n\n\n\n<p style=\"text-align:center\">O Presidente da Mesa da Assembleia-Geral,<\/p>\n\n\n\n<p style=\"text-align:center\"><em>Jos\u00e9 Ant\u00f3nio Peixoto de Lima, Dr.<\/em><\/p>\n","protected":false},"excerpt":{"rendered":"<p>Assembleia-Geral Ordin\u00e1ria Convocat\u00f3ria Nos termos do disposto nos artigos 20.\u00ba \u00a7 1.\u00ba, artigo 21.\u00ba \u00a71 al\u00ednea c), 22.\u00ba \u00a7 2\u00ba al\u00ednea b) e 23.\u00ba do Compromisso, convoco os Irm\u00e3os desta Irmandade da Santa Casa da Miseric\u00f3rdia de S\u00e3o Bento de Arnoia para a Assembleia Geral Ordin\u00e1ria, que se realizar\u00e1 na sede da Institui\u00e7\u00e3o, nos seus [&hellip;]<\/p>\n","protected":false},"author":3,"featured_media":1301,"comment_status":"closed","ping_status":"closed","sticky":false,"template":"","format":"standard","meta":{"_jetpack_newsletter_access":"","_jetpack_dont_email_post_to_subs":false,"_jetpack_newsletter_tier_id":0,"_jetpack_memberships_contains_paywalled_content":false,"_jetpack_memberships_contains_paid_content":false,"footnotes":""},"categories":[114,117,116],"tags":[],"class_list":["post-1296","post","type-post","status-publish","format-standard","has-post-thumbnail","hentry","category-114","category-assembleia-geral-ordinaria","category-irmandade","clearfix"],"jetpack_featured_media_url":"https:\/\/scma-cbt.com\/wp-content\/uploads\/2021\/04\/136761273_223244152675816_4608532328215102966_n.jpg","jetpack_sharing_enabled":true,"jetpack_shortlink":"https:\/\/wp.me\/p8Z7kd-kU","_links":{"self":[{"href":"https:\/\/scma-cbt.com\/index.php?rest_route=\/wp\/v2\/posts\/1296","targetHints":{"allow":["GET"]}}],"collection":[{"href":"https:\/\/scma-cbt.com\/index.php?rest_route=\/wp\/v2\/posts"}],"about":[{"href":"https:\/\/scma-cbt.com\/index.php?rest_route=\/wp\/v2\/types\/post"}],"author":[{"embeddable":true,"href":"https:\/\/scma-cbt.com\/index.php?rest_route=\/wp\/v2\/users\/3"}],"replies":[{"embeddable":true,"href":"https:\/\/scma-cbt.com\/index.php?rest_route=%2Fwp%2Fv2%2Fcomments&post=1296"}],"version-history":[{"count":1,"href":"https:\/\/scma-cbt.com\/index.php?rest_route=\/wp\/v2\/posts\/1296\/revisions"}],"predecessor-version":[{"id":1297,"href":"https:\/\/scma-cbt.com\/index.php?rest_route=\/wp\/v2\/posts\/1296\/revisions\/1297"}],"wp:featuredmedia":[{"embeddable":true,"href":"https:\/\/scma-cbt.com\/index.php?rest_route=\/wp\/v2\/media\/1301"}],"wp:attachment":[{"href":"https:\/\/scma-cbt.com\/index.php?rest_route=%2Fwp%2Fv2%2Fmedia&parent=1296"}],"wp:term":[{"taxonomy":"category","embeddable":true,"href":"https:\/\/scma-cbt.com\/index.php?rest_route=%2Fwp%2Fv2%2Fcategories&post=1296"},{"taxonomy":"post_tag","embeddable":true,"href":"https:\/\/scma-cbt.com\/index.php?rest_route=%2Fwp%2Fv2%2Ftags&post=1296"}],"curies":[{"name":"wp","href":"https:\/\/api.w.org\/{rel}","templated":true}]}}